[{"@context":"https:\/\/schema.org\/","@type":"Article","@id":"https:\/\/www.klema.sk\/verte-led-osvetleniu\/#Article","mainEntityOfPage":"https:\/\/www.klema.sk\/verte-led-osvetleniu\/","headline":"Verte led osvetleniu","name":"Verte led osvetleniu","description":"M\u0148a vie napr\u00edklad skuto\u010dne vyto\u010di\u0165 do nepr\u00ed\u010detnosti, ke\u010f pr\u00eddem domov, zapnem svetlo a za\u010dne blika\u0165. Len tak, samo od seba. Ako keby som minul\u00fd t\u00fd\u017ede\u0148 nekupovala \u010disto nov\u00fa \u017eiarovku. Naozaj ma to vie nahneva\u0165. \u013dahnem si do postele s t\u00fdm,... <a class=\"more-link\" href=\"https:\/\/www.klema.sk\/verte-led-osvetleniu\/\">Pokra\u010dovat ve \u010dten\u00ed &rarr;<\/a>","datePublished":"2017-09-07","dateModified":"2023-04-28","author":{"@type":"Person","@id":"https:\/\/www.klema.sk\/author\/#Person","name":"","url":"https:\/\/www.klema.sk\/author\/","identifier":1,"image":{"@type":"ImageObject","@id":"https:\/\/secure.gravatar.com\/avatar\/5522eb0fc8481dea5f6519f6a0b15ee2c46358d48429b281fd7c49cbb5a929f9?s=96&d=mm&r=g","url":"https:\/\/secure.gravatar.com\/avatar\/5522eb0fc8481dea5f6519f6a0b15ee2c46358d48429b281fd7c49cbb5a929f9?s=96&d=mm&r=g","height":96,"width":96}},"publisher":{"@type":"Organization","name":"klema.sk","logo":{"@type":"ImageObject","@id":"\/logo.png","url":"\/logo.png","width":600,"height":60}},"image":{"@type":"ImageObject","@id":"https:\/\/www.klema.sk\/wp-content\/uploads\/img_a283051_w16468_t1510051687.jpg","url":"https:\/\/www.klema.sk\/wp-content\/uploads\/img_a283051_w16468_t1510051687.jpg","height":0,"width":0},"url":"https:\/\/www.klema.sk\/verte-led-osvetleniu\/","wordCount":375,"articleBody":"       M\u0148a vie napr\u00edklad skuto\u010dne vyto\u010di\u0165 do nepr\u00ed\u010detnosti, ke\u010f pr\u00eddem domov, zapnem svetlo a za\u010dne blika\u0165. Len tak, samo od seba. Ako keby som minul\u00fd t\u00fd\u017ede\u0148 nekupovala \u010disto nov\u00fa \u017eiarovku. Naozaj ma to vie nahneva\u0165. \u013dahnem si do postele s t\u00fdm, \u017ee si idem pre\u010d\u00edta\u0165 perfektn\u00fa kni\u017eku. Bum. Lampa nesvieti. Alebo lep\u0161ie povedan\u00e9, svieti, len\u017ee pri takomto svetle m\u00f4\u017eem \u00eds\u0165 na druh\u00fd de\u0148 rovno ku o\u010dnej. Preto\u017ee moje o\u010di toto bud\u00fa trpie\u0165 len naozaj ve\u013emi \u0165a\u017eko. Preto som si povedala, \u017ee kon\u010d\u00edm. Kon\u010d\u00edm s oby\u010dajn\u00fdmi \u017eiarovkami. Moj\u00edm rie\u0161en\u00edm bude led svetlo https:\/\/www.ledprodukt.sk\/.Dovtedy som na\u0148 po\u010dula len sam\u00e9 chv\u00e1ly, tak\u017ee som chcela vysk\u00fa\u0161a\u0165, o \u010do vlastne ide, aby som to potom popr\u00edpade mohla poriadne skritizova\u0165. Bola som neoblomn\u00e1, tak\u017ee som vedela, \u017ee toto bude tvrd\u00fd test. Ak n\u00edm neprejde, skon\u010dila som so svetlami a budem svieti\u0165 u\u017e len svie\u010dkami. Ich plame\u0148 je aspo\u0148 upokojuj\u00faci, na rozdiel od blikaj\u00facich \u017eiaroviek. K\u00fapila som si teda led \u017eiarovky, led reflektor do exteri\u00e9ru a taktie\u017e aj led p\u00e1s, preto\u017ee som chcela vedie\u0165, \u010do s t\u00fdm v\u0161etci posledn\u00fa dobu maj\u00fa. V\u0161etko som to doma zapojila a netrpezlivo som \u010dakala, kedy pr\u00edde tma. Vedela som, \u017ee je to bu\u010f toto, alebo ni\u010d. Bola som tak\u00e1 nad\u0161en\u00e1, a\u017e som \u00faplne zabudla na to, \u017ee by som mala by\u0165 sk\u00f4r sklaman\u00e1, ke\u010f\u017ee som sa nemohla pusti\u0165 do kritizovania. \u017diarovky svietia naplno hne\u010f, ke\u010f ich zapnem. Reflektor mi osvet\u013euje cel\u00fd dvor. Nikde ni\u010d neblik\u00e1, v\u0161etko svieti naplno. A led p\u00e1s? Neviem si predstavi\u0165, ako som doteraz mohla \u017ei\u0165 bez neho. Ve\u010f je to nie\u010do neuverite\u013en\u00e9, ako m\u00f4\u017ee tak\u00e1 oby\u010dajn\u00e1 vec urobi\u0165 s domovom sam\u00e9 divy. Najviac sa mi p\u00e1\u010di to, \u017ee m\u00f4\u017eem meni\u0165 intenzitu, ale aj farbu osvetlenia. Tak\u00fdmto sp\u00f4sobom pod\u013ea farby osvetlenia m\u00f4j mu\u017e v\u017edy vie, ak\u00fa m\u00e1m n\u00e1ladu. A pod\u013ea toho sa aj spr\u00e1va. Je to v\u00e1\u017ene ve\u013emi v\u00fdhodn\u00e9.                                                                                                                                                                                                                                                                                                                                                                                          3.8\/5 - (6 votes)        "},{"@context":"https:\/\/schema.org\/","@type":"BreadcrumbList","itemListElement":[{"@type":"ListItem","position":1,"name":"Verte led osvetleniu","item":"https:\/\/www.klema.sk\/verte-led-osvetleniu\/#breadcrumbitem"}]}]