[{"@context":"https:\/\/schema.org\/","@type":"Blog","@id":"https:\/\/www.klema.sk#Blog","headline":"Klema","description":"\nM\u00e1me radi v\u0161etky klebety a nehodl\u00e1me si ich necha\u0165 pre seba. N\u00e1\u0161 web, v\u00e1s preto ur\u010dite neut\u00fdra nudou, \u010di u\u017e v\u00e1s zauj\u00edma bulv\u00e1r alebo ekonomika.","url":"https:\/\/www.klema.sk","hasPart":[{"@type":"Article","@id":"https:\/\/www.klema.sk\/cyklicka-ketogenna-dieta-skusenosti-ktore-sa-zidu-aj-vam\/","headline":"Cyklick\u00e1 ketog\u00e9nna di\u00e9ta: sk\u00fasenosti, ktor\u00e9 sa z\u00eddu aj v\u00e1m","url":"https:\/\/www.klema.sk\/cyklicka-ketogenna-dieta-skusenosti-ktore-sa-zidu-aj-vam\/","datePublished":"2020-02-07","dateModified":"2023-08-30","mainEntityOfPage":"https:\/\/www.klema.sk\/cyklicka-ketogenna-dieta-skusenosti-ktore-sa-zidu-aj-vam\/","author":{"@type":"Person","@id":"https:\/\/www.klema.sk\/author\/#Person","name":"","url":"https:\/\/www.klema.sk\/author\/","identifier":1,"image":{"@type":"ImageObject","@id":"https:\/\/secure.gravatar.com\/avatar\/5522eb0fc8481dea5f6519f6a0b15ee2c46358d48429b281fd7c49cbb5a929f9?s=96&d=mm&r=g","url":"https:\/\/secure.gravatar.com\/avatar\/5522eb0fc8481dea5f6519f6a0b15ee2c46358d48429b281fd7c49cbb5a929f9?s=96&d=mm&r=g","height":96,"width":96}},"publisher":{"@type":"Organization","name":"klema.sk","logo":{"@type":"ImageObject","@id":"\/logo.png","url":"\/logo.png","width":600,"height":60}},"image":{"@type":"ImageObject","@id":"https:\/\/www.klema.sk\/wp-content\/uploads\/img_a311448_w16793_t1587715153.jpg","url":"https:\/\/www.klema.sk\/wp-content\/uploads\/img_a311448_w16793_t1587715153.jpg","height":0,"width":0},"wordCount":543,"keywords":null},{"@type":"Article","@id":"https:\/\/www.klema.sk\/neviete-co-kupit-vasim-detom-na-vianoce-kupte-im-teleskop-a-mozno-ich-veda-inspiruje\/","headline":"Neviete \u010do k\u00fapi\u0165 va\u0161im de\u0165om na Vianoce. K\u00fapte im teleskop a mo\u017eno ich veda in\u0161piruje","url":"https:\/\/www.klema.sk\/neviete-co-kupit-vasim-detom-na-vianoce-kupte-im-teleskop-a-mozno-ich-veda-inspiruje\/","datePublished":"2020-01-22","dateModified":"2023-04-28","mainEntityOfPage":"https:\/\/www.klema.sk\/neviete-co-kupit-vasim-detom-na-vianoce-kupte-im-teleskop-a-mozno-ich-veda-inspiruje\/","author":{"@type":"Person","@id":"https:\/\/www.klema.sk\/author\/#Person","name":"","url":"https:\/\/www.klema.sk\/author\/","identifier":1,"image":{"@type":"ImageObject","@id":"https:\/\/secure.gravatar.com\/avatar\/5522eb0fc8481dea5f6519f6a0b15ee2c46358d48429b281fd7c49cbb5a929f9?s=96&d=mm&r=g","url":"https:\/\/secure.gravatar.com\/avatar\/5522eb0fc8481dea5f6519f6a0b15ee2c46358d48429b281fd7c49cbb5a929f9?s=96&d=mm&r=g","height":96,"width":96}},"publisher":{"@type":"Organization","name":"klema.sk","logo":{"@type":"ImageObject","@id":"\/logo.png","url":"\/logo.png","width":600,"height":60}},"image":{"@type":"ImageObject","@id":"https:\/\/www.klema.sk\/wp-content\/uploads\/img_a306728_w16793_t1569169113.jpg","url":"https:\/\/www.klema.sk\/wp-content\/uploads\/img_a306728_w16793_t1569169113.jpg","height":0,"width":0},"wordCount":470,"keywords":null},{"@type":"Article","@id":"https:\/\/www.klema.sk\/spoznajte-novu-lasku-prostrednictvom-sportu\/","headline":"Spoznajte nov\u00fa l\u00e1sku prostredn\u00edctvom \u0161portu!","url":"https:\/\/www.klema.sk\/spoznajte-novu-lasku-prostrednictvom-sportu\/","datePublished":"2020-01-21","dateModified":"2023-04-28","mainEntityOfPage":"https:\/\/www.klema.sk\/spoznajte-novu-lasku-prostrednictvom-sportu\/","author":{"@type":"Person","@id":"https:\/\/www.klema.sk\/author\/#Person","name":"","url":"https:\/\/www.klema.sk\/author\/","identifier":1,"image":{"@type":"ImageObject","@id":"https:\/\/secure.gravatar.com\/avatar\/5522eb0fc8481dea5f6519f6a0b15ee2c46358d48429b281fd7c49cbb5a929f9?s=96&d=mm&r=g","url":"https:\/\/secure.gravatar.com\/avatar\/5522eb0fc8481dea5f6519f6a0b15ee2c46358d48429b281fd7c49cbb5a929f9?s=96&d=mm&r=g","height":96,"width":96}},"publisher":{"@type":"Organization","name":"klema.sk","logo":{"@type":"ImageObject","@id":"\/logo.png","url":"\/logo.png","width":600,"height":60}},"image":{"@type":"ImageObject","@id":"https:\/\/www.klema.sk\/wp-content\/uploads\/img_a305820_w16793_t1567441006.jpg","url":"https:\/\/www.klema.sk\/wp-content\/uploads\/img_a305820_w16793_t1567441006.jpg","height":0,"width":0},"wordCount":466,"keywords":null},{"@type":"Article","@id":"https:\/\/www.klema.sk\/aj-mala-kuchyna-moze-ocarit\/","headline":"Aj mal\u00e1 kuchy\u0148a m\u00f4\u017ee o\u010dari\u0165","url":"https:\/\/www.klema.sk\/aj-mala-kuchyna-moze-ocarit\/","datePublished":"2020-01-20","dateModified":"2023-04-28","mainEntityOfPage":"https:\/\/www.klema.sk\/aj-mala-kuchyna-moze-ocarit\/","author":{"@type":"Person","@id":"https:\/\/www.klema.sk\/author\/#Person","name":"","url":"https:\/\/www.klema.sk\/author\/","identifier":1,"image":{"@type":"ImageObject","@id":"https:\/\/secure.gravatar.com\/avatar\/5522eb0fc8481dea5f6519f6a0b15ee2c46358d48429b281fd7c49cbb5a929f9?s=96&d=mm&r=g","url":"https:\/\/secure.gravatar.com\/avatar\/5522eb0fc8481dea5f6519f6a0b15ee2c46358d48429b281fd7c49cbb5a929f9?s=96&d=mm&r=g","height":96,"width":96}},"publisher":{"@type":"Organization","name":"klema.sk","logo":{"@type":"ImageObject","@id":"\/logo.png","url":"\/logo.png","width":600,"height":60}},"image":{"@type":"ImageObject","@id":"https:\/\/www.klema.sk\/wp-content\/uploads\/img_a306621_w16793_t1569077220.jpg","url":"https:\/\/www.klema.sk\/wp-content\/uploads\/img_a306621_w16793_t1569077220.jpg","height":0,"width":0},"wordCount":548,"keywords":null},{"@type":"Article","@id":"https:\/\/www.klema.sk\/okna-a-dvere-z-hlinika\/","headline":"Okn\u00e1 a dvere z hlin\u00edka","url":"https:\/\/www.klema.sk\/okna-a-dvere-z-hlinika\/","datePublished":"2020-01-19","dateModified":"2023-04-28","mainEntityOfPage":"https:\/\/www.klema.sk\/okna-a-dvere-z-hlinika\/","author":{"@type":"Person","@id":"https:\/\/www.klema.sk\/author\/#Person","name":"","url":"https:\/\/www.klema.sk\/author\/","identifier":1,"image":{"@type":"ImageObject","@id":"https:\/\/secure.gravatar.com\/avatar\/5522eb0fc8481dea5f6519f6a0b15ee2c46358d48429b281fd7c49cbb5a929f9?s=96&d=mm&r=g","url":"https:\/\/secure.gravatar.com\/avatar\/5522eb0fc8481dea5f6519f6a0b15ee2c46358d48429b281fd7c49cbb5a929f9?s=96&d=mm&r=g","height":96,"width":96}},"publisher":{"@type":"Organization","name":"klema.sk","logo":{"@type":"ImageObject","@id":"\/logo.png","url":"\/logo.png","width":600,"height":60}},"image":{"@type":"ImageObject","@id":"https:\/\/www.klema.sk\/wp-content\/uploads\/img_a306104_w16793_t1568379146.jpg","url":"https:\/\/www.klema.sk\/wp-content\/uploads\/img_a306104_w16793_t1568379146.jpg","height":0,"width":0},"wordCount":533,"keywords":null},{"@type":"Article","@id":"https:\/\/www.klema.sk\/kam-s-malymi-detmi-vo-vysokych-tatrach\/","headline":"Kam s mal\u00fdmi de\u0165mi vo Vysok\u00fdch Tatr\u00e1ch?","url":"https:\/\/www.klema.sk\/kam-s-malymi-detmi-vo-vysokych-tatrach\/","datePublished":"2020-01-19","dateModified":"2023-04-28","mainEntityOfPage":"https:\/\/www.klema.sk\/kam-s-malymi-detmi-vo-vysokych-tatrach\/","author":{"@type":"Person","@id":"https:\/\/www.klema.sk\/author\/#Person","name":"","url":"https:\/\/www.klema.sk\/author\/","identifier":1,"image":{"@type":"ImageObject","@id":"https:\/\/secure.gravatar.com\/avatar\/5522eb0fc8481dea5f6519f6a0b15ee2c46358d48429b281fd7c49cbb5a929f9?s=96&d=mm&r=g","url":"https:\/\/secure.gravatar.com\/avatar\/5522eb0fc8481dea5f6519f6a0b15ee2c46358d48429b281fd7c49cbb5a929f9?s=96&d=mm&r=g","height":96,"width":96}},"publisher":{"@type":"Organization","name":"klema.sk","logo":{"@type":"ImageObject","@id":"\/logo.png","url":"\/logo.png","width":600,"height":60}},"image":{"@type":"ImageObject","@id":"https:\/\/www.klema.sk\/wp-content\/uploads\/img_a306176_w16793_t1568732440.jpg","url":"https:\/\/www.klema.sk\/wp-content\/uploads\/img_a306176_w16793_t1568732440.jpg","height":0,"width":0},"wordCount":717,"keywords":null},{"@type":"Article","@id":"https:\/\/www.klema.sk\/modra-strecha\/","headline":"Modr\u00e1 strecha","url":"https:\/\/www.klema.sk\/modra-strecha\/","datePublished":"2020-01-19","dateModified":"2023-04-28","mainEntityOfPage":"https:\/\/www.klema.sk\/modra-strecha\/","author":{"@type":"Person","@id":"https:\/\/www.klema.sk\/author\/#Person","name":"","url":"https:\/\/www.klema.sk\/author\/","identifier":1,"image":{"@type":"ImageObject","@id":"https:\/\/secure.gravatar.com\/avatar\/5522eb0fc8481dea5f6519f6a0b15ee2c46358d48429b281fd7c49cbb5a929f9?s=96&d=mm&r=g","url":"https:\/\/secure.gravatar.com\/avatar\/5522eb0fc8481dea5f6519f6a0b15ee2c46358d48429b281fd7c49cbb5a929f9?s=96&d=mm&r=g","height":96,"width":96}},"publisher":{"@type":"Organization","name":"klema.sk","logo":{"@type":"ImageObject","@id":"\/logo.png","url":"\/logo.png","width":600,"height":60}},"image":{"@type":"ImageObject","@id":"https:\/\/www.klema.sk\/wp-content\/uploads\/img_a302555_w16793_t1561545723.jpg","url":"https:\/\/www.klema.sk\/wp-content\/uploads\/img_a302555_w16793_t1561545723.jpg","height":0,"width":0},"wordCount":503,"keywords":null},{"@type":"Article","@id":"https:\/\/www.klema.sk\/trapia-vas-krcove-zily-vyskusajte-tieto-cviky\/","headline":"Tr\u00e1pia v\u00e1s k\u0155\u010dov\u00e9 \u017eily? Vysk\u00fa\u0161ajte tieto cviky","url":"https:\/\/www.klema.sk\/trapia-vas-krcove-zily-vyskusajte-tieto-cviky\/","datePublished":"2020-01-19","dateModified":"2023-04-28","mainEntityOfPage":"https:\/\/www.klema.sk\/trapia-vas-krcove-zily-vyskusajte-tieto-cviky\/","author":{"@type":"Person","@id":"https:\/\/www.klema.sk\/author\/#Person","name":"","url":"https:\/\/www.klema.sk\/author\/","identifier":1,"image":{"@type":"ImageObject","@id":"https:\/\/secure.gravatar.com\/avatar\/5522eb0fc8481dea5f6519f6a0b15ee2c46358d48429b281fd7c49cbb5a929f9?s=96&d=mm&r=g","url":"https:\/\/secure.gravatar.com\/avatar\/5522eb0fc8481dea5f6519f6a0b15ee2c46358d48429b281fd7c49cbb5a929f9?s=96&d=mm&r=g","height":96,"width":96}},"publisher":{"@type":"Organization","name":"klema.sk","logo":{"@type":"ImageObject","@id":"\/logo.png","url":"\/logo.png","width":600,"height":60}},"image":{"@type":"ImageObject","@id":"https:\/\/www.klema.sk\/wp-content\/uploads\/img_a304287_w16692_t1565024666.jpg","url":"https:\/\/www.klema.sk\/wp-content\/uploads\/img_a304287_w16692_t1565024666.jpg","height":0,"width":0},"wordCount":532,"keywords":null},{"@type":"Article","@id":"https:\/\/www.klema.sk\/ake-prirodne-materialy-je-vhodne-pouzit-pri-zariadovani\/","headline":"Ak\u00e9 pr\u00edrodn\u00e9 materi\u00e1ly je vhodn\u00e9 pou\u017ei\u0165 pri zaria\u010fovan\u00ed?","url":"https:\/\/www.klema.sk\/ake-prirodne-materialy-je-vhodne-pouzit-pri-zariadovani\/","datePublished":"2020-01-19","dateModified":"2023-04-28","mainEntityOfPage":"https:\/\/www.klema.sk\/ake-prirodne-materialy-je-vhodne-pouzit-pri-zariadovani\/","author":{"@type":"Person","@id":"https:\/\/www.klema.sk\/author\/#Person","name":"","url":"https:\/\/www.klema.sk\/author\/","identifier":1,"image":{"@type":"ImageObject","@id":"https:\/\/secure.gravatar.com\/avatar\/5522eb0fc8481dea5f6519f6a0b15ee2c46358d48429b281fd7c49cbb5a929f9?s=96&d=mm&r=g","url":"https:\/\/secure.gravatar.com\/avatar\/5522eb0fc8481dea5f6519f6a0b15ee2c46358d48429b281fd7c49cbb5a929f9?s=96&d=mm&r=g","height":96,"width":96}},"publisher":{"@type":"Organization","name":"klema.sk","logo":{"@type":"ImageObject","@id":"\/logo.png","url":"\/logo.png","width":600,"height":60}},"image":{"@type":"ImageObject","@id":"https:\/\/www.klema.sk\/wp-content\/uploads\/img_a305721_w16793_t1567172500.jpg","url":"https:\/\/www.klema.sk\/wp-content\/uploads\/img_a305721_w16793_t1567172500.jpg","height":0,"width":0},"wordCount":498,"keywords":null},{"@type":"Article","@id":"https:\/\/www.klema.sk\/podvodnici-pri-cestach\/","headline":"Podvodn\u00edci pri cest\u00e1ch","url":"https:\/\/www.klema.sk\/podvodnici-pri-cestach\/","datePublished":"2020-01-19","dateModified":"2023-04-28","mainEntityOfPage":"https:\/\/www.klema.sk\/podvodnici-pri-cestach\/","author":{"@type":"Person","@id":"https:\/\/www.klema.sk\/author\/#Person","name":"","url":"https:\/\/www.klema.sk\/author\/","identifier":1,"image":{"@type":"ImageObject","@id":"https:\/\/secure.gravatar.com\/avatar\/5522eb0fc8481dea5f6519f6a0b15ee2c46358d48429b281fd7c49cbb5a929f9?s=96&d=mm&r=g","url":"https:\/\/secure.gravatar.com\/avatar\/5522eb0fc8481dea5f6519f6a0b15ee2c46358d48429b281fd7c49cbb5a929f9?s=96&d=mm&r=g","height":96,"width":96}},"publisher":{"@type":"Organization","name":"klema.sk","logo":{"@type":"ImageObject","@id":"\/logo.png","url":"\/logo.png","width":600,"height":60}},"image":{"@type":"ImageObject","@id":"https:\/\/www.klema.sk\/wp-content\/uploads\/img_a306472_w16793_t1568994912.jpg","url":"https:\/\/www.klema.sk\/wp-content\/uploads\/img_a306472_w16793_t1568994912.jpg","height":0,"width":0},"wordCount":492,"keywords":null}]},{"@context":"https:\/\/schema.org","@type":"WebSite","@id":"https:\/\/www.klema.sk\/#website","name":"Klema","url":"https:\/\/www.klema.sk","potentialAction":{"@type":"SearchAction","target":"https:\/\/www.klema.sk\/?s={search_term_string}","query-input":"required name=search_term_string"}}]