[{"@context":"https:\/\/schema.org\/","@type":"Article","@id":"https:\/\/www.klema.sk\/andrej-danko-z-sns-a-jeho-predstava-o-zmenach-v-ekonomike-sr\/#Article","mainEntityOfPage":"https:\/\/www.klema.sk\/andrej-danko-z-sns-a-jeho-predstava-o-zmenach-v-ekonomike-sr\/","headline":"Andrej Danko z SNS a jeho predstava o zmen\u00e1ch v ekonomike SR","name":"Andrej Danko z SNS a jeho predstava o zmen\u00e1ch v ekonomike SR","description":"Strana Smer sa v posledn\u00e9 dni nete\u0161\u00ed pr\u00e1ve d\u00f4vere \u010di popularite zo strany spolo\u010dnosti i napriek tomu, \u017ee je v podstate st\u00e1le pri moci. Mo\u017eno aj to je siln\u00fdm impulzom pre stranu SNS a jej predsedu Andreja Danka, ktor\u00fd ned\u00e1vno... <a class=\"more-link\" href=\"https:\/\/www.klema.sk\/andrej-danko-z-sns-a-jeho-predstava-o-zmenach-v-ekonomike-sr\/\">Pokra\u010dovat ve \u010dten\u00ed &rarr;<\/a>","datePublished":"2018-02-26","dateModified":"2023-04-28","author":{"@type":"Person","@id":"https:\/\/www.klema.sk\/author\/#Person","name":"","url":"https:\/\/www.klema.sk\/author\/","identifier":1,"image":{"@type":"ImageObject","@id":"https:\/\/secure.gravatar.com\/avatar\/5522eb0fc8481dea5f6519f6a0b15ee2c46358d48429b281fd7c49cbb5a929f9?s=96&d=mm&r=g","url":"https:\/\/secure.gravatar.com\/avatar\/5522eb0fc8481dea5f6519f6a0b15ee2c46358d48429b281fd7c49cbb5a929f9?s=96&d=mm&r=g","height":96,"width":96}},"publisher":{"@type":"Organization","name":"klema.sk","logo":{"@type":"ImageObject","@id":"\/logo.png","url":"\/logo.png","width":600,"height":60}},"image":{"@type":"ImageObject","@id":"https:\/\/www.klema.sk\/wp-content\/uploads\/img_a287358_w2010_t1524753518.jpg","url":"https:\/\/www.klema.sk\/wp-content\/uploads\/img_a287358_w2010_t1524753518.jpg","height":0,"width":0},"url":"https:\/\/www.klema.sk\/andrej-danko-z-sns-a-jeho-predstava-o-zmenach-v-ekonomike-sr\/","wordCount":378,"articleBody":"Strana Smer sa v posledn\u00e9 dni nete\u0161\u00ed pr\u00e1ve d\u00f4vere \u010di popularite zo strany spolo\u010dnosti i napriek tomu, \u017ee je v podstate st\u00e1le pri moci. Mo\u017eno aj to je siln\u00fdm impulzom pre stranu SNS a jej predsedu Andreja Danka, ktor\u00fd ned\u00e1vno pri\u0161iel s p\u00e1r n\u00e1vrhmi, alebo sk\u00f4r re\u010dami a n\u00e1slednou kritikou. Jeho v\u00edzie v podstate nep\u00f4sobia absurdne, financie chce prerozdeli\u0165 na tie \u010dasti ekonomiky, ktor\u00e9 by napomohli k budovaniu kvalitnej\u0161ieho \u0161t\u00e1tu. Nazna\u010dil, \u017ee opoz\u00edcia minula financie \u00faplne opa\u010dn\u00fdm smerom a dokonca neefekt\u00edvne. Jeho pl\u00e1n tak zah\u0155\u0148a ur\u010dit\u00e9 body, ak\u00e9 tu spomeniem. Z mojej strany nep\u00f4jde o silen\u00fa propagandu \u010di silen\u00fa kritiku, len si tu op\u00ed\u0161eme ur\u010dit\u00e9 body z jeho nov\u00e9ho n\u00e1vrhu, \u010di sk\u00f4r re\u010d\u00ed. Vopred vrav\u00edm, \u017ee niektor\u00e9 body p\u00f4sobia sympaticky, ale u niektor\u00fdch c\u00edtim z\u00e1pletku a populizmus. Treba bra\u0165 na vedomie, \u017ee n\u00e1vrhy, pl\u00e1ny a n\u00e1sledn\u00e9 realizovanie do praxe sa m\u00f4\u017eu l\u00ed\u0161i\u0165, alebo v niektor\u00fdch pr\u00edpadoch realizovanie nemus\u00ed pr\u00eds\u0165. \u2022 Spomenul financovanie d\u00f4chodcov. Ur\u010dite zauj\u00edmav\u00e1 t\u00e9ma, po kr\u00e1snom \u00favode ale pri\u0161lo z Dankovej strany vyjadrenie, \u017ee d\u00f4chodok by sa mohol zv\u00fd\u0161i\u0165 iba o nepodstatn\u00fa \u010das\u0165, vraj by sa mohol nav\u00fd\u0161i\u0165 iba o \u010diastku, ak\u00e1 by bola neefekt\u00edvna a tak chce zvoli\u0165 in\u00fa cestu- d\u00f4chodcom financova\u0165 l\u00edstky do k\u00fape\u013eov. \u2022 Vravel o mo\u017enom a \u00fadajne re\u00e1lne dosiahnute\u013enom rozdelen\u00ed financi\u00ed medzi 40 000 \u017eiakov nastupuj\u00faci do prvej triedy na Z\u0160, ktor\u00fdm by \u0161t\u00e1t dok\u00e1zal financova\u0165 pom\u00f4cky do 100 euro na osobu. \u2022 Spomenul vy\u0161\u0161ie mzdy pre vojakov, vy\u0161\u0161\u00ed plat pre zdravotn\u00e9 sestry. \u2022 V z\u00e1p\u00e4t\u00ed na to skritizoval, \u017ee od roku 89 sa nemysl\u00ed na invest\u00edcie do \u017eelezn\u00edc, MHD, dia\u013en\u00edc a ani na slu\u017eby spojen\u00e9 s letectvom. Jedn\u00fdm dychom v\u0161ak medzi re\u010dou spomenul, \u017ee \u0161t\u00e1t na tieto veci nem\u00e1 finan\u010dn\u00e9 prostriedky ani dnes. Z toho nezabudol obvini\u0165 opoz\u00edciu, liber\u00e1lov. \u2022 Chcel by nav\u00fd\u0161i\u0165 13. a 14. plat a viac finan\u010dn\u00fdch prostriedkov pre p\u00f4dohospod\u00e1rov.                                                                                                                                                                                                                                                                                                                                                                                         4\/5 - (7 votes)        "},{"@context":"https:\/\/schema.org\/","@type":"BreadcrumbList","itemListElement":[{"@type":"ListItem","position":1,"name":"Andrej Danko z SNS a jeho predstava o zmen\u00e1ch v ekonomike SR","item":"https:\/\/www.klema.sk\/andrej-danko-z-sns-a-jeho-predstava-o-zmenach-v-ekonomike-sr\/#breadcrumbitem"}]}]